{"id":33534,"date":"2024-09-25T09:14:37","date_gmt":"2024-09-25T08:14:37","guid":{"rendered":"https:\/\/blublube.com\/?p=33534"},"modified":"2024-09-25T09:24:08","modified_gmt":"2024-09-25T08:24:08","slug":"blub-en-sea-otter-europe-2024","status":"publish","type":"post","link":"https:\/\/blublube.com\/es\/blub-en-sea-otter-europe-2024\/","title":{"rendered":"Blub en Sea Otter Europe 2024"},"content":{"rendered":"\n<h2 class=\"wp-block-heading\">\u00a1Una vez m\u00e1s, Blub estuvo presente en Sea Otter Europe Girona!<\/h2>\n\n\n\n<p>Del 20 al 22 de septiembre, Girona acogi\u00f3 la edici\u00f3n n\u00famero 8 de la Sea Otter Europe, uno de los eventos ciclistas m\u00e1s importantes del a\u00f1o &#8211; Un evento repleto de marcas del sector ciclista, competiciones en Gravel, MTB y carretera, y mucho m\u00e1s, que no dejaron indiferentes a los visitantes.<\/p>\n\n\n\n<figure class=\"wp-block-image size-large is-resized\"><img fetchpriority=\"high\" decoding=\"async\" width=\"768\" height=\"1024\" src=\"https:\/\/blublube.com\/wp-content\/uploads\/2024\/09\/image00002-768x1024.jpeg\" alt=\"\" class=\"wp-image-33544\" style=\"width:756px;height:auto\" srcset=\"https:\/\/blublube.com\/wp-content\/uploads\/2024\/09\/image00002-768x1024.jpeg 768w, https:\/\/blublube.com\/wp-content\/uploads\/2024\/09\/image00002-225x300.jpeg 225w, https:\/\/blublube.com\/wp-content\/uploads\/2024\/09\/image00002-1152x1536.jpeg 1152w, https:\/\/blublube.com\/wp-content\/uploads\/2024\/09\/image00002.jpeg 1200w\" sizes=\"(max-width: 768px) 100vw, 768px\" \/><\/figure>\n\n\n\n<p>En un espacio de 3&#215;6, Blub tuvo la oportunidad de ense\u00f1ar los mejores productos de mantenimiento de bicicletas, conociendo a sus clientes y amantes del ciclismo que se acercaron al stand.<\/p>\n\n\n\n<p>Durante el s\u00e1bado y el domingo, Blub organiz\u00f3 distintas activaciones, en las que los visitantes pudieron interactuar con el personal de Blub, incluyendo un \u00abtrackstand challenge\u00bb, con distintos premios para cada participante, en el que los visitantes tuvieron la oportunidad de demostrar sus habilidades sobre la bicicleta.<\/p>\n\n\n\n<figure class=\"wp-block-image size-large\"><img decoding=\"async\" width=\"768\" height=\"1024\" src=\"https:\/\/blublube.com\/wp-content\/uploads\/2024\/09\/image00001-768x1024.jpeg\" alt=\"\" class=\"wp-image-33548\" srcset=\"https:\/\/blublube.com\/wp-content\/uploads\/2024\/09\/image00001-768x1024.jpeg 768w, https:\/\/blublube.com\/wp-content\/uploads\/2024\/09\/image00001-225x300.jpeg 225w, https:\/\/blublube.com\/wp-content\/uploads\/2024\/09\/image00001-1152x1536.jpeg 1152w, https:\/\/blublube.com\/wp-content\/uploads\/2024\/09\/image00001-1536x2048.jpeg 1536w, https:\/\/blublube.com\/wp-content\/uploads\/2024\/09\/image00001-scaled.jpeg 1920w\" sizes=\"(max-width: 768px) 100vw, 768px\" \/><\/figure>\n\n\n\n<p>Otro de los momentos importantes de la feria, fue la participaci\u00f3n de MyrcoSport en el podcast \u00ab<a href=\"https:\/\/youtu.be\/RWg5ZWwhWqE?si=4Bm0PqRlK93RAT5u\">Sobre Rodes<\/a>\u00ab, donde se trataron aspectos interesantes c\u00f3mo \u00ab\u00bfQu\u00e9 criterios tiene una distribuidora para elegir una marca?\u00bb, \u00abCu\u00e1les son las principales tendencias del sector del ciclismo\u00bb o \u00abEl futuro de las E-bike\u00bb, entre otros.<\/p>\n\n\n\n<figure class=\"wp-block-image size-large is-resized\"><img decoding=\"async\" width=\"576\" height=\"1024\" src=\"https:\/\/blublube.com\/wp-content\/uploads\/2024\/09\/podcast-576x1024.jpeg\" alt=\"\" class=\"wp-image-33552\" style=\"width:619px;height:auto\" srcset=\"https:\/\/blublube.com\/wp-content\/uploads\/2024\/09\/podcast-576x1024.jpeg 576w, https:\/\/blublube.com\/wp-content\/uploads\/2024\/09\/podcast-169x300.jpeg 169w, https:\/\/blublube.com\/wp-content\/uploads\/2024\/09\/podcast-768x1365.jpeg 768w, https:\/\/blublube.com\/wp-content\/uploads\/2024\/09\/podcast-864x1536.jpeg 864w, https:\/\/blublube.com\/wp-content\/uploads\/2024\/09\/podcast.jpeg 900w\" sizes=\"(max-width: 576px) 100vw, 576px\" \/><\/figure>\n\n\n\n<p>En definitiva, fueron 3 d\u00edas llenos de ciclismo, eventos y momentos especiales, que sirvieron para generar nuevas sinergias entre marcas, colaboradores y consumidores. <\/p>\n\n\n\n<p>Por eso desde Blub, queremos agradecer a todos aquellos que se acercaron a nuestro stand, y esperamos volver a veros en la pr\u00f3xima edici\u00f3n el 2025.<\/p>\n\n\n\n<h2 class=\"wp-block-heading\">\u00a1NEVER STOP RIDING!<\/h2>\n\n\n\n<p><\/p>\n","protected":false},"excerpt":{"rendered":"<p>\u00a1Una vez m\u00e1s, Blub estuvo presente en Sea Otter Europe Girona! Del 20 al 22 de septiembre, Girona acogi\u00f3 la edici\u00f3n n\u00famero 8 de la Sea Otter Europe, uno de los eventos ciclistas m\u00e1s importantes del a\u00f1o &#8211; Un evento repleto de marcas del sector ciclista, competiciones en Gravel, MTB y carretera, y mucho m\u00e1s, [&hellip;]<\/p>\n","protected":false},"author":2,"featured_media":33539,"comment_status":"closed","ping_status":"closed","sticky":false,"template":"","format":"standard","meta":{"footnotes":""},"categories":[62],"tags":[145,147,160,159,158,162,157,161,163],"class_list":["post-33534","post","type-post","status-publish","format-standard","has-post-thumbnail","hentry","category-blub","tag-blub-es","tag-cycling-es","tag-cyclingshow","tag-girona","tag-myrcosport","tag-podcast","tag-seaotter","tag-seaottereurope","tag-trackstand"],"yoast_head":"<!-- This site is optimized with the Yoast SEO plugin v27.2 - https:\/\/yoast.com\/product\/yoast-seo-wordpress\/ -->\n<title>Blub en Sea Otter Europe 2024 - Blub<\/title>\n<meta name=\"description\" content=\"Girona acogi\u00f3 la edici\u00f3n n\u00famero 8 de la Sea Otter Europe, uno de los eventos ciclistas m\u00e1s importantes del a\u00f1o\" \/>\n<meta name=\"robots\" content=\"index, follow, max-snippet:-1, max-image-preview:large, max-video-preview:-1\" \/>\n<link rel=\"canonical\" href=\"https:\/\/blublube.com\/es\/blub-en-sea-otter-europe-2024\/\" \/>\n<meta property=\"og:locale\" content=\"es_ES\" \/>\n<meta property=\"og:type\" content=\"article\" \/>\n<meta property=\"og:title\" content=\"Blub en Sea Otter Europe 2024 - Blub\" \/>\n<meta property=\"og:description\" content=\"Girona acogi\u00f3 la edici\u00f3n n\u00famero 8 de la Sea Otter Europe, uno de los eventos ciclistas m\u00e1s importantes del a\u00f1o\" \/>\n<meta property=\"og:url\" content=\"https:\/\/blublube.com\/es\/blub-en-sea-otter-europe-2024\/\" \/>\n<meta property=\"og:site_name\" content=\"Blub\" \/>\n<meta property=\"article:publisher\" content=\"https:\/\/www.facebook.com\/Blublube\" \/>\n<meta property=\"article:published_time\" content=\"2024-09-25T08:14:37+00:00\" \/>\n<meta property=\"article:modified_time\" content=\"2024-09-25T08:24:08+00:00\" \/>\n<meta property=\"og:image\" content=\"https:\/\/blublube.com\/wp-content\/uploads\/2024\/09\/sea-otter-portada-c3.jpg\" \/>\n\t<meta property=\"og:image:width\" content=\"300\" \/>\n\t<meta property=\"og:image:height\" content=\"168\" \/>\n\t<meta property=\"og:image:type\" content=\"image\/jpeg\" \/>\n<meta name=\"author\" content=\"marketing-blub\" \/>\n<meta name=\"twitter:card\" content=\"summary_large_image\" \/>\n<meta name=\"twitter:label1\" content=\"Escrito por\" \/>\n\t<meta name=\"twitter:data1\" content=\"marketing-blub\" \/>\n\t<meta name=\"twitter:label2\" content=\"Tiempo de lectura\" \/>\n\t<meta name=\"twitter:data2\" content=\"2 minutos\" \/>\n<script type=\"application\/ld+json\" class=\"yoast-schema-graph\">{\"@context\":\"https:\/\/schema.org\",\"@graph\":[{\"@type\":\"Article\",\"@id\":\"https:\/\/blublube.com\/es\/blub-en-sea-otter-europe-2024\/#article\",\"isPartOf\":{\"@id\":\"https:\/\/blublube.com\/es\/blub-en-sea-otter-europe-2024\/\"},\"author\":{\"name\":\"marketing-blub\",\"@id\":\"https:\/\/blublube.com\/#\/schema\/person\/67f45aea3f8cc19301a2b27bd84b9c1d\"},\"headline\":\"Blub en Sea Otter Europe 2024\",\"datePublished\":\"2024-09-25T08:14:37+00:00\",\"dateModified\":\"2024-09-25T08:24:08+00:00\",\"mainEntityOfPage\":{\"@id\":\"https:\/\/blublube.com\/es\/blub-en-sea-otter-europe-2024\/\"},\"wordCount\":256,\"publisher\":{\"@id\":\"https:\/\/blublube.com\/#organization\"},\"image\":{\"@id\":\"https:\/\/blublube.com\/es\/blub-en-sea-otter-europe-2024\/#primaryimage\"},\"thumbnailUrl\":\"https:\/\/blublube.com\/wp-content\/uploads\/2024\/09\/sea-otter-portada-c3.jpg\",\"keywords\":[\"blub\",\"cycling\",\"cyclingshow\",\"girona\",\"myrcosport\",\"podcast\",\"seaotter\",\"seaottereurope\",\"trackstand\"],\"articleSection\":[\"Blub\"],\"inLanguage\":\"es\"},{\"@type\":\"WebPage\",\"@id\":\"https:\/\/blublube.com\/es\/blub-en-sea-otter-europe-2024\/\",\"url\":\"https:\/\/blublube.com\/es\/blub-en-sea-otter-europe-2024\/\",\"name\":\"Blub en Sea Otter Europe 2024 - Blub\",\"isPartOf\":{\"@id\":\"https:\/\/blublube.com\/#website\"},\"primaryImageOfPage\":{\"@id\":\"https:\/\/blublube.com\/es\/blub-en-sea-otter-europe-2024\/#primaryimage\"},\"image\":{\"@id\":\"https:\/\/blublube.com\/es\/blub-en-sea-otter-europe-2024\/#primaryimage\"},\"thumbnailUrl\":\"https:\/\/blublube.com\/wp-content\/uploads\/2024\/09\/sea-otter-portada-c3.jpg\",\"datePublished\":\"2024-09-25T08:14:37+00:00\",\"dateModified\":\"2024-09-25T08:24:08+00:00\",\"description\":\"Girona acogi\u00f3 la edici\u00f3n n\u00famero 8 de la Sea Otter Europe, uno de los eventos ciclistas m\u00e1s importantes del a\u00f1o\",\"breadcrumb\":{\"@id\":\"https:\/\/blublube.com\/es\/blub-en-sea-otter-europe-2024\/#breadcrumb\"},\"inLanguage\":\"es\",\"potentialAction\":[{\"@type\":\"ReadAction\",\"target\":[\"https:\/\/blublube.com\/es\/blub-en-sea-otter-europe-2024\/\"]}]},{\"@type\":\"ImageObject\",\"inLanguage\":\"es\",\"@id\":\"https:\/\/blublube.com\/es\/blub-en-sea-otter-europe-2024\/#primaryimage\",\"url\":\"https:\/\/blublube.com\/wp-content\/uploads\/2024\/09\/sea-otter-portada-c3.jpg\",\"contentUrl\":\"https:\/\/blublube.com\/wp-content\/uploads\/2024\/09\/sea-otter-portada-c3.jpg\",\"width\":300,\"height\":168},{\"@type\":\"BreadcrumbList\",\"@id\":\"https:\/\/blublube.com\/es\/blub-en-sea-otter-europe-2024\/#breadcrumb\",\"itemListElement\":[{\"@type\":\"ListItem\",\"position\":1,\"name\":\"Home\",\"item\":\"https:\/\/blublube.com\/es\/blub-lube\/\"},{\"@type\":\"ListItem\",\"position\":2,\"name\":\"Blub en Sea Otter Europe 2024\"}]},{\"@type\":\"WebSite\",\"@id\":\"https:\/\/blublube.com\/#website\",\"url\":\"https:\/\/blublube.com\/\",\"name\":\"Blub\",\"description\":\"El mejor cuidado para tu bicicleta\",\"publisher\":{\"@id\":\"https:\/\/blublube.com\/#organization\"},\"potentialAction\":[{\"@type\":\"SearchAction\",\"target\":{\"@type\":\"EntryPoint\",\"urlTemplate\":\"https:\/\/blublube.com\/?s={search_term_string}\"},\"query-input\":{\"@type\":\"PropertyValueSpecification\",\"valueRequired\":true,\"valueName\":\"search_term_string\"}}],\"inLanguage\":\"es\"},{\"@type\":\"Organization\",\"@id\":\"https:\/\/blublube.com\/#organization\",\"name\":\"Blub\",\"url\":\"https:\/\/blublube.com\/\",\"logo\":{\"@type\":\"ImageObject\",\"inLanguage\":\"es\",\"@id\":\"https:\/\/blublube.com\/#\/schema\/logo\/image\/\",\"url\":\"https:\/\/blublube.com\/wp-content\/uploads\/2024\/11\/BLUB-LOGO-Website.png\",\"contentUrl\":\"https:\/\/blublube.com\/wp-content\/uploads\/2024\/11\/BLUB-LOGO-Website.png\",\"width\":250,\"height\":164,\"caption\":\"Blub\"},\"image\":{\"@id\":\"https:\/\/blublube.com\/#\/schema\/logo\/image\/\"},\"sameAs\":[\"https:\/\/www.facebook.com\/Blublube\",\"https:\/\/www.instagram.com\/blub_lube\/\",\"https:\/\/www.youtube.com\/@blublube1958\"]},{\"@type\":\"Person\",\"@id\":\"https:\/\/blublube.com\/#\/schema\/person\/67f45aea3f8cc19301a2b27bd84b9c1d\",\"name\":\"marketing-blub\",\"image\":{\"@type\":\"ImageObject\",\"inLanguage\":\"es\",\"@id\":\"https:\/\/secure.gravatar.com\/avatar\/9182d40093c7d05d8526290d4eab4bc0ba31041972ac319f910a1a2b76a5891a?s=96&d=mm&r=g\",\"url\":\"https:\/\/secure.gravatar.com\/avatar\/9182d40093c7d05d8526290d4eab4bc0ba31041972ac319f910a1a2b76a5891a?s=96&d=mm&r=g\",\"contentUrl\":\"https:\/\/secure.gravatar.com\/avatar\/9182d40093c7d05d8526290d4eab4bc0ba31041972ac319f910a1a2b76a5891a?s=96&d=mm&r=g\",\"caption\":\"marketing-blub\"},\"url\":\"https:\/\/blublube.com\/es\/author\/marketing-blub\/\"}]}<\/script>\n<!-- \/ Yoast SEO plugin. -->","yoast_head_json":{"title":"Blub en Sea Otter Europe 2024 - Blub","description":"Girona acogi\u00f3 la edici\u00f3n n\u00famero 8 de la Sea Otter Europe, uno de los eventos ciclistas m\u00e1s importantes del a\u00f1o","robots":{"index":"index","follow":"follow","max-snippet":"max-snippet:-1","max-image-preview":"max-image-preview:large","max-video-preview":"max-video-preview:-1"},"canonical":"https:\/\/blublube.com\/es\/blub-en-sea-otter-europe-2024\/","og_locale":"es_ES","og_type":"article","og_title":"Blub en Sea Otter Europe 2024 - Blub","og_description":"Girona acogi\u00f3 la edici\u00f3n n\u00famero 8 de la Sea Otter Europe, uno de los eventos ciclistas m\u00e1s importantes del a\u00f1o","og_url":"https:\/\/blublube.com\/es\/blub-en-sea-otter-europe-2024\/","og_site_name":"Blub","article_publisher":"https:\/\/www.facebook.com\/Blublube","article_published_time":"2024-09-25T08:14:37+00:00","article_modified_time":"2024-09-25T08:24:08+00:00","og_image":[{"width":300,"height":168,"url":"https:\/\/blublube.com\/wp-content\/uploads\/2024\/09\/sea-otter-portada-c3.jpg","type":"image\/jpeg"}],"author":"marketing-blub","twitter_card":"summary_large_image","twitter_misc":{"Escrito por":"marketing-blub","Tiempo de lectura":"2 minutos"},"schema":{"@context":"https:\/\/schema.org","@graph":[{"@type":"Article","@id":"https:\/\/blublube.com\/es\/blub-en-sea-otter-europe-2024\/#article","isPartOf":{"@id":"https:\/\/blublube.com\/es\/blub-en-sea-otter-europe-2024\/"},"author":{"name":"marketing-blub","@id":"https:\/\/blublube.com\/#\/schema\/person\/67f45aea3f8cc19301a2b27bd84b9c1d"},"headline":"Blub en Sea Otter Europe 2024","datePublished":"2024-09-25T08:14:37+00:00","dateModified":"2024-09-25T08:24:08+00:00","mainEntityOfPage":{"@id":"https:\/\/blublube.com\/es\/blub-en-sea-otter-europe-2024\/"},"wordCount":256,"publisher":{"@id":"https:\/\/blublube.com\/#organization"},"image":{"@id":"https:\/\/blublube.com\/es\/blub-en-sea-otter-europe-2024\/#primaryimage"},"thumbnailUrl":"https:\/\/blublube.com\/wp-content\/uploads\/2024\/09\/sea-otter-portada-c3.jpg","keywords":["blub","cycling","cyclingshow","girona","myrcosport","podcast","seaotter","seaottereurope","trackstand"],"articleSection":["Blub"],"inLanguage":"es"},{"@type":"WebPage","@id":"https:\/\/blublube.com\/es\/blub-en-sea-otter-europe-2024\/","url":"https:\/\/blublube.com\/es\/blub-en-sea-otter-europe-2024\/","name":"Blub en Sea Otter Europe 2024 - Blub","isPartOf":{"@id":"https:\/\/blublube.com\/#website"},"primaryImageOfPage":{"@id":"https:\/\/blublube.com\/es\/blub-en-sea-otter-europe-2024\/#primaryimage"},"image":{"@id":"https:\/\/blublube.com\/es\/blub-en-sea-otter-europe-2024\/#primaryimage"},"thumbnailUrl":"https:\/\/blublube.com\/wp-content\/uploads\/2024\/09\/sea-otter-portada-c3.jpg","datePublished":"2024-09-25T08:14:37+00:00","dateModified":"2024-09-25T08:24:08+00:00","description":"Girona acogi\u00f3 la edici\u00f3n n\u00famero 8 de la Sea Otter Europe, uno de los eventos ciclistas m\u00e1s importantes del a\u00f1o","breadcrumb":{"@id":"https:\/\/blublube.com\/es\/blub-en-sea-otter-europe-2024\/#breadcrumb"},"inLanguage":"es","potentialAction":[{"@type":"ReadAction","target":["https:\/\/blublube.com\/es\/blub-en-sea-otter-europe-2024\/"]}]},{"@type":"ImageObject","inLanguage":"es","@id":"https:\/\/blublube.com\/es\/blub-en-sea-otter-europe-2024\/#primaryimage","url":"https:\/\/blublube.com\/wp-content\/uploads\/2024\/09\/sea-otter-portada-c3.jpg","contentUrl":"https:\/\/blublube.com\/wp-content\/uploads\/2024\/09\/sea-otter-portada-c3.jpg","width":300,"height":168},{"@type":"BreadcrumbList","@id":"https:\/\/blublube.com\/es\/blub-en-sea-otter-europe-2024\/#breadcrumb","itemListElement":[{"@type":"ListItem","position":1,"name":"Home","item":"https:\/\/blublube.com\/es\/blub-lube\/"},{"@type":"ListItem","position":2,"name":"Blub en Sea Otter Europe 2024"}]},{"@type":"WebSite","@id":"https:\/\/blublube.com\/#website","url":"https:\/\/blublube.com\/","name":"Blub","description":"El mejor cuidado para tu bicicleta","publisher":{"@id":"https:\/\/blublube.com\/#organization"},"potentialAction":[{"@type":"SearchAction","target":{"@type":"EntryPoint","urlTemplate":"https:\/\/blublube.com\/?s={search_term_string}"},"query-input":{"@type":"PropertyValueSpecification","valueRequired":true,"valueName":"search_term_string"}}],"inLanguage":"es"},{"@type":"Organization","@id":"https:\/\/blublube.com\/#organization","name":"Blub","url":"https:\/\/blublube.com\/","logo":{"@type":"ImageObject","inLanguage":"es","@id":"https:\/\/blublube.com\/#\/schema\/logo\/image\/","url":"https:\/\/blublube.com\/wp-content\/uploads\/2024\/11\/BLUB-LOGO-Website.png","contentUrl":"https:\/\/blublube.com\/wp-content\/uploads\/2024\/11\/BLUB-LOGO-Website.png","width":250,"height":164,"caption":"Blub"},"image":{"@id":"https:\/\/blublube.com\/#\/schema\/logo\/image\/"},"sameAs":["https:\/\/www.facebook.com\/Blublube","https:\/\/www.instagram.com\/blub_lube\/","https:\/\/www.youtube.com\/@blublube1958"]},{"@type":"Person","@id":"https:\/\/blublube.com\/#\/schema\/person\/67f45aea3f8cc19301a2b27bd84b9c1d","name":"marketing-blub","image":{"@type":"ImageObject","inLanguage":"es","@id":"https:\/\/secure.gravatar.com\/avatar\/9182d40093c7d05d8526290d4eab4bc0ba31041972ac319f910a1a2b76a5891a?s=96&d=mm&r=g","url":"https:\/\/secure.gravatar.com\/avatar\/9182d40093c7d05d8526290d4eab4bc0ba31041972ac319f910a1a2b76a5891a?s=96&d=mm&r=g","contentUrl":"https:\/\/secure.gravatar.com\/avatar\/9182d40093c7d05d8526290d4eab4bc0ba31041972ac319f910a1a2b76a5891a?s=96&d=mm&r=g","caption":"marketing-blub"},"url":"https:\/\/blublube.com\/es\/author\/marketing-blub\/"}]}},"_links":{"self":[{"href":"https:\/\/blublube.com\/es\/wp-json\/wp\/v2\/posts\/33534","targetHints":{"allow":["GET"]}}],"collection":[{"href":"https:\/\/blublube.com\/es\/wp-json\/wp\/v2\/posts"}],"about":[{"href":"https:\/\/blublube.com\/es\/wp-json\/wp\/v2\/types\/post"}],"author":[{"embeddable":true,"href":"https:\/\/blublube.com\/es\/wp-json\/wp\/v2\/users\/2"}],"replies":[{"embeddable":true,"href":"https:\/\/blublube.com\/es\/wp-json\/wp\/v2\/comments?post=33534"}],"version-history":[{"count":3,"href":"https:\/\/blublube.com\/es\/wp-json\/wp\/v2\/posts\/33534\/revisions"}],"predecessor-version":[{"id":33558,"href":"https:\/\/blublube.com\/es\/wp-json\/wp\/v2\/posts\/33534\/revisions\/33558"}],"wp:featuredmedia":[{"embeddable":true,"href":"https:\/\/blublube.com\/es\/wp-json\/wp\/v2\/media\/33539"}],"wp:attachment":[{"href":"https:\/\/blublube.com\/es\/wp-json\/wp\/v2\/media?parent=33534"}],"wp:term":[{"taxonomy":"category","embeddable":true,"href":"https:\/\/blublube.com\/es\/wp-json\/wp\/v2\/categories?post=33534"},{"taxonomy":"post_tag","embeddable":true,"href":"https:\/\/blublube.com\/es\/wp-json\/wp\/v2\/tags?post=33534"}],"curies":[{"name":"wp","href":"https:\/\/api.w.org\/{rel}","templated":true}]}}